{"id":6,"date":"2018-03-26T16:18:47","date_gmt":"2018-03-26T14:18:47","guid":{"rendered":"https:\/\/www.lycee-kastler.com\/abibac\/?p=6"},"modified":"2018-04-23T07:55:16","modified_gmt":"2018-04-23T05:55:16","slug":"qualifies-pour-la-finale-des-debats-citoyens","status":"publish","type":"post","link":"https:\/\/www.lycee-kastler.com\/abibac\/?p=6","title":{"rendered":"Qualifi\u00e9s pour la finale des d\u00e9bats citoyens !"},"content":{"rendered":"<p>Mardi 13 mars, les \u00e9l\u00e8ves de 1\u00e8re abibac du lyc\u00e9e Alfred Kastler, accompagn\u00e9s par leur professeur de litt\u00e9rature allemande Evelyne Anthoni ont particip\u00e9 \u00e0 la demi-finale du\u00a0 concours \u00ab\u00a0D\u00e9bats citoyens\u00a0en allemand\u00bb organis\u00e9 par le Rectorat et l\u2019Universit\u00e9 de Haute Alsace.<\/p>\n<p><img decoding=\"async\" loading=\"lazy\" class=\"alignnone size-medium wp-image-7\" src=\"https:\/\/www.lycee-kastler.com\/abibac\/files\/2018\/03\/IMG_1763-300x225-300x225.jpg\" alt=\"\" width=\"300\" height=\"225\" \/><\/p>\n<p>Les deux d\u00e9bats qui ont oppos\u00e9 \u00e0 chaque fois quatre \u00e9l\u00e8ves de la classe \u00e0 leurs adversaires du Lyc\u00e9e Jeanne d\u2019Arc de Mulhouse et du lyc\u00e9e Camille See de Colmar, portaient sur des th\u00e8mes d\u2019une grande actualit\u00e9. Les th\u00e8mes tir\u00e9s au sort \u00e9taient\u00a0: \u00ab\u00a0Doit-on supprimer le 11 novembre comme jour f\u00e9ri\u00e9\u00a0?\u00a0\u00bb et \u00ab\u00a0Nous vivons dans une soci\u00e9t\u00e9 libre\u00a0\u00bb. Deux \u00e9tudiantes de la facult\u00e9 d\u2019allemand de l\u2019UHA ont tir\u00e9 au sort le point de vue \u00e0 prendre par chaque groupe. En effet, les \u00e9l\u00e8ves \u00e9taient forc\u00e9s de d\u00e9fendre le point de vue impos\u00e9, qui n\u2019\u00e9tait donc pas forc\u00e9ment le leur \u2026<\/p>\n<p>A l\u2019issue de deux d\u00e9bats fort int\u00e9ressants, les \u00e9l\u00e8ves du lyc\u00e9e Kastler se sont donc qualifi\u00e9s pour la finale qui aura lieu \u00e0 l\u2019Universit\u00e9 de Haute-Alsace le vendredi 13 avril\u00a0! Esp\u00e9rons que cette date leur portera chance\u00a0!<\/p>\n","protected":false},"excerpt":{"rendered":"<p>Mardi 13 mars, les \u00e9l\u00e8ves de 1\u00e8re abibac du lyc\u00e9e Alfred Kastler, accompagn\u00e9s par leur professeur de litt\u00e9rature allemande Evelyne Anthoni ont particip\u00e9 \u00e0 la demi-finale du\u00a0 concours \u00ab\u00a0D\u00e9bats citoyens\u00a0en allemand\u00bb organis\u00e9 par le Rectorat et l\u2019Universit\u00e9 de Haute Alsace. &hellip; <a href=\"https:\/\/www.lycee-kastler.com\/abibac\/?p=6\">Continuer la lecture <span class=\"meta-nav\">&rarr;<\/span><\/a><\/p>\n","protected":false},"author":13,"featured_media":0,"comment_status":"open","ping_status":"open","sticky":false,"template":"","format":"standard","meta":{"footnotes":""},"categories":[6],"tags":[],"_links":{"self":[{"href":"https:\/\/www.lycee-kastler.com\/abibac\/index.php?rest_route=\/wp\/v2\/posts\/6"}],"collection":[{"href":"https:\/\/www.lycee-kastler.com\/abibac\/index.php?rest_route=\/wp\/v2\/posts"}],"about":[{"href":"https:\/\/www.lycee-kastler.com\/abibac\/index.php?rest_route=\/wp\/v2\/types\/post"}],"author":[{"embeddable":true,"href":"https:\/\/www.lycee-kastler.com\/abibac\/index.php?rest_route=\/wp\/v2\/users\/13"}],"replies":[{"embeddable":true,"href":"https:\/\/www.lycee-kastler.com\/abibac\/index.php?rest_route=%2Fwp%2Fv2%2Fcomments&post=6"}],"version-history":[{"count":1,"href":"https:\/\/www.lycee-kastler.com\/abibac\/index.php?rest_route=\/wp\/v2\/posts\/6\/revisions"}],"predecessor-version":[{"id":8,"href":"https:\/\/www.lycee-kastler.com\/abibac\/index.php?rest_route=\/wp\/v2\/posts\/6\/revisions\/8"}],"wp:attachment":[{"href":"https:\/\/www.lycee-kastler.com\/abibac\/index.php?rest_route=%2Fwp%2Fv2%2Fmedia&parent=6"}],"wp:term":[{"taxonomy":"category","embeddable":true,"href":"https:\/\/www.lycee-kastler.com\/abibac\/index.php?rest_route=%2Fwp%2Fv2%2Fcategories&post=6"},{"taxonomy":"post_tag","embeddable":true,"href":"https:\/\/www.lycee-kastler.com\/abibac\/index.php?rest_route=%2Fwp%2Fv2%2Ftags&post=6"}],"curies":[{"name":"wp","href":"https:\/\/api.w.org\/{rel}","templated":true}]}}